{"id":250,"date":"2021-04-26T16:28:57","date_gmt":"2021-04-26T14:28:57","guid":{"rendered":"https:\/\/coquelicoeur.fr\/?p=250"},"modified":"2021-04-29T11:23:15","modified_gmt":"2021-04-29T09:23:15","slug":"amadou-boubou","status":"publish","type":"post","link":"https:\/\/coquelicoeur.fr\/index.php\/2021\/04\/26\/amadou-boubou\/","title":{"rendered":"AMADOU BOUBOU"},"content":{"rendered":"\n<p>Livre \u00e9crit et illustr\u00e9 par moi-m\u00eame dont voici quelques pages.<br>Acrylique sur papier.<\/p>\n\n\n\n<figure class=\"wp-block-image size-full\"><a href=\"https:\/\/coquelicoeur.fr\/wp-content\/uploads\/2021\/04\/AMADOU-COUVERTURE.jpg\"><img loading=\"lazy\" decoding=\"async\" width=\"1920\" height=\"1920\" src=\"https:\/\/coquelicoeur.fr\/wp-content\/uploads\/2021\/04\/AMADOU-COUVERTURE.jpg\" alt=\"Eva Gar\u00e7on coquelicoeur illustratrice graphiste artiste c\u00e9ramiste beaumes de venise aubignan vaucluse art ateliers cours\" class=\"wp-image-252\" srcset=\"https:\/\/coquelicoeur.fr\/wp-content\/uploads\/2021\/04\/AMADOU-COUVERTURE.jpg 1920w, https:\/\/coquelicoeur.fr\/wp-content\/uploads\/2021\/04\/AMADOU-COUVERTURE-300x300.jpg 300w, https:\/\/coquelicoeur.fr\/wp-content\/uploads\/2021\/04\/AMADOU-COUVERTURE-1024x1024.jpg 1024w, https:\/\/coquelicoeur.fr\/wp-content\/uploads\/2021\/04\/AMADOU-COUVERTURE-150x150.jpg 150w, https:\/\/coquelicoeur.fr\/wp-content\/uploads\/2021\/04\/AMADOU-COUVERTURE-768x768.jpg 768w, https:\/\/coquelicoeur.fr\/wp-content\/uploads\/2021\/04\/AMADOU-COUVERTURE-1536x1536.jpg 1536w, https:\/\/coquelicoeur.fr\/wp-content\/uploads\/2021\/04\/AMADOU-COUVERTURE-640x640.jpg 640w, https:\/\/coquelicoeur.fr\/wp-content\/uploads\/2021\/04\/AMADOU-COUVERTURE-1200x1200.jpg 1200w\" sizes=\"auto, (max-width: 1920px) 100vw, 1920px\" \/><\/a><figcaption>Couverture du livre<\/figcaption><\/figure>\n\n\n\n<figure class=\"wp-block-image size-full\"><a href=\"https:\/\/coquelicoeur.fr\/wp-content\/uploads\/2021\/04\/AMADOU-LIVRE-IMP_Page_03.jpg\"><img loading=\"lazy\" decoding=\"async\" width=\"1779\" height=\"1779\" src=\"https:\/\/coquelicoeur.fr\/wp-content\/uploads\/2021\/04\/AMADOU-LIVRE-IMP_Page_03.jpg\" alt=\"Eva Gar\u00e7on coquelicoeur illustratrice graphiste artiste c\u00e9ramiste beaumes de venise aubignan vaucluse art ateliers cours\" class=\"wp-image-253\" srcset=\"https:\/\/coquelicoeur.fr\/wp-content\/uploads\/2021\/04\/AMADOU-LIVRE-IMP_Page_03.jpg 1779w, https:\/\/coquelicoeur.fr\/wp-content\/uploads\/2021\/04\/AMADOU-LIVRE-IMP_Page_03-300x300.jpg 300w, https:\/\/coquelicoeur.fr\/wp-content\/uploads\/2021\/04\/AMADOU-LIVRE-IMP_Page_03-1024x1024.jpg 1024w, https:\/\/coquelicoeur.fr\/wp-content\/uploads\/2021\/04\/AMADOU-LIVRE-IMP_Page_03-150x150.jpg 150w, https:\/\/coquelicoeur.fr\/wp-content\/uploads\/2021\/04\/AMADOU-LIVRE-IMP_Page_03-768x768.jpg 768w, https:\/\/coquelicoeur.fr\/wp-content\/uploads\/2021\/04\/AMADOU-LIVRE-IMP_Page_03-1536x1536.jpg 1536w, https:\/\/coquelicoeur.fr\/wp-content\/uploads\/2021\/04\/AMADOU-LIVRE-IMP_Page_03-640x640.jpg 640w, https:\/\/coquelicoeur.fr\/wp-content\/uploads\/2021\/04\/AMADOU-LIVRE-IMP_Page_03-1200x1200.jpg 1200w\" sizes=\"auto, (max-width: 1779px) 100vw, 1779px\" \/><\/a><figcaption>Extrait<\/figcaption><\/figure>\n\n\n\n<figure class=\"wp-block-image size-full\"><a href=\"https:\/\/coquelicoeur.fr\/wp-content\/uploads\/2021\/04\/AMADOU-LIVRE-IMP_Page_06-scaled.jpg\"><img loading=\"lazy\" decoding=\"async\" width=\"2560\" height=\"2560\" src=\"https:\/\/coquelicoeur.fr\/wp-content\/uploads\/2021\/04\/AMADOU-LIVRE-IMP_Page_06-scaled.jpg\" alt=\"Eva Gar\u00e7on coquelicoeur illustratrice graphiste artiste c\u00e9ramiste beaumes de venise aubignan vaucluse art ateliers cours\" class=\"wp-image-254\" srcset=\"https:\/\/coquelicoeur.fr\/wp-content\/uploads\/2021\/04\/AMADOU-LIVRE-IMP_Page_06-scaled.jpg 2560w, https:\/\/coquelicoeur.fr\/wp-content\/uploads\/2021\/04\/AMADOU-LIVRE-IMP_Page_06-300x300.jpg 300w, https:\/\/coquelicoeur.fr\/wp-content\/uploads\/2021\/04\/AMADOU-LIVRE-IMP_Page_06-1024x1024.jpg 1024w, https:\/\/coquelicoeur.fr\/wp-content\/uploads\/2021\/04\/AMADOU-LIVRE-IMP_Page_06-150x150.jpg 150w, https:\/\/coquelicoeur.fr\/wp-content\/uploads\/2021\/04\/AMADOU-LIVRE-IMP_Page_06-768x768.jpg 768w, https:\/\/coquelicoeur.fr\/wp-content\/uploads\/2021\/04\/AMADOU-LIVRE-IMP_Page_06-1536x1536.jpg 1536w, https:\/\/coquelicoeur.fr\/wp-content\/uploads\/2021\/04\/AMADOU-LIVRE-IMP_Page_06-2048x2048.jpg 2048w, https:\/\/coquelicoeur.fr\/wp-content\/uploads\/2021\/04\/AMADOU-LIVRE-IMP_Page_06-640x640.jpg 640w, https:\/\/coquelicoeur.fr\/wp-content\/uploads\/2021\/04\/AMADOU-LIVRE-IMP_Page_06-1200x1200.jpg 1200w\" sizes=\"auto, (max-width: 2560px) 100vw, 2560px\" \/><\/a><figcaption>Extrait <\/figcaption><\/figure>\n\n\n\n<figure class=\"wp-block-image size-full\"><a href=\"https:\/\/coquelicoeur.fr\/wp-content\/uploads\/2021\/04\/AMADOU-LIVRE-IMP_Page_08-scaled.jpg\"><img loading=\"lazy\" decoding=\"async\" width=\"2560\" height=\"2560\" src=\"https:\/\/coquelicoeur.fr\/wp-content\/uploads\/2021\/04\/AMADOU-LIVRE-IMP_Page_08-scaled.jpg\" alt=\"Eva Gar\u00e7on coquelicoeur illustratrice graphiste artiste c\u00e9ramiste beaumes de venise aubignan vaucluse art ateliers cours\" class=\"wp-image-255\" srcset=\"https:\/\/coquelicoeur.fr\/wp-content\/uploads\/2021\/04\/AMADOU-LIVRE-IMP_Page_08-scaled.jpg 2560w, https:\/\/coquelicoeur.fr\/wp-content\/uploads\/2021\/04\/AMADOU-LIVRE-IMP_Page_08-300x300.jpg 300w, https:\/\/coquelicoeur.fr\/wp-content\/uploads\/2021\/04\/AMADOU-LIVRE-IMP_Page_08-1024x1024.jpg 1024w, https:\/\/coquelicoeur.fr\/wp-content\/uploads\/2021\/04\/AMADOU-LIVRE-IMP_Page_08-150x150.jpg 150w, https:\/\/coquelicoeur.fr\/wp-content\/uploads\/2021\/04\/AMADOU-LIVRE-IMP_Page_08-768x768.jpg 768w, https:\/\/coquelicoeur.fr\/wp-content\/uploads\/2021\/04\/AMADOU-LIVRE-IMP_Page_08-1536x1536.jpg 1536w, https:\/\/coquelicoeur.fr\/wp-content\/uploads\/2021\/04\/AMADOU-LIVRE-IMP_Page_08-2048x2048.jpg 2048w, https:\/\/coquelicoeur.fr\/wp-content\/uploads\/2021\/04\/AMADOU-LIVRE-IMP_Page_08-640x640.jpg 640w, https:\/\/coquelicoeur.fr\/wp-content\/uploads\/2021\/04\/AMADOU-LIVRE-IMP_Page_08-1200x1200.jpg 1200w\" sizes=\"auto, (max-width: 2560px) 100vw, 2560px\" \/><\/a><figcaption><em>Extrait<\/em><\/figcaption><\/figure>\n\n\n\n<figure class=\"wp-block-image size-full\"><a href=\"https:\/\/coquelicoeur.fr\/wp-content\/uploads\/2021\/04\/AMADOU-LIVRE-IMP_Page_09-scaled.jpg\"><img loading=\"lazy\" decoding=\"async\" width=\"2560\" height=\"2560\" src=\"https:\/\/coquelicoeur.fr\/wp-content\/uploads\/2021\/04\/AMADOU-LIVRE-IMP_Page_09-scaled.jpg\" alt=\"Eva Gar\u00e7on coquelicoeur illustratrice graphiste artiste c\u00e9ramiste beaumes de venise aubignan vaucluse art ateliers cours\" class=\"wp-image-256\" srcset=\"https:\/\/coquelicoeur.fr\/wp-content\/uploads\/2021\/04\/AMADOU-LIVRE-IMP_Page_09-scaled.jpg 2560w, https:\/\/coquelicoeur.fr\/wp-content\/uploads\/2021\/04\/AMADOU-LIVRE-IMP_Page_09-300x300.jpg 300w, https:\/\/coquelicoeur.fr\/wp-content\/uploads\/2021\/04\/AMADOU-LIVRE-IMP_Page_09-1024x1024.jpg 1024w, https:\/\/coquelicoeur.fr\/wp-content\/uploads\/2021\/04\/AMADOU-LIVRE-IMP_Page_09-150x150.jpg 150w, https:\/\/coquelicoeur.fr\/wp-content\/uploads\/2021\/04\/AMADOU-LIVRE-IMP_Page_09-768x768.jpg 768w, https:\/\/coquelicoeur.fr\/wp-content\/uploads\/2021\/04\/AMADOU-LIVRE-IMP_Page_09-1536x1536.jpg 1536w, https:\/\/coquelicoeur.fr\/wp-content\/uploads\/2021\/04\/AMADOU-LIVRE-IMP_Page_09-2048x2048.jpg 2048w, https:\/\/coquelicoeur.fr\/wp-content\/uploads\/2021\/04\/AMADOU-LIVRE-IMP_Page_09-640x640.jpg 640w, https:\/\/coquelicoeur.fr\/wp-content\/uploads\/2021\/04\/AMADOU-LIVRE-IMP_Page_09-1200x1200.jpg 1200w\" sizes=\"auto, (max-width: 2560px) 100vw, 2560px\" \/><\/a><figcaption><em>Extrait<\/em><\/figcaption><\/figure>\n\n\n\n<figure class=\"wp-block-image size-full\"><a href=\"https:\/\/coquelicoeur.fr\/wp-content\/uploads\/2021\/04\/AMADOU-LIVRE-IMP_Page_11-scaled.jpg\"><img loading=\"lazy\" decoding=\"async\" width=\"2560\" height=\"2560\" src=\"https:\/\/coquelicoeur.fr\/wp-content\/uploads\/2021\/04\/AMADOU-LIVRE-IMP_Page_11-scaled.jpg\" alt=\"Eva Gar\u00e7on coquelicoeur illustratrice graphiste artiste c\u00e9ramiste beaumes de venise aubignan vaucluse art ateliers cours\" class=\"wp-image-257\" srcset=\"https:\/\/coquelicoeur.fr\/wp-content\/uploads\/2021\/04\/AMADOU-LIVRE-IMP_Page_11-scaled.jpg 2560w, https:\/\/coquelicoeur.fr\/wp-content\/uploads\/2021\/04\/AMADOU-LIVRE-IMP_Page_11-300x300.jpg 300w, https:\/\/coquelicoeur.fr\/wp-content\/uploads\/2021\/04\/AMADOU-LIVRE-IMP_Page_11-1024x1024.jpg 1024w, https:\/\/coquelicoeur.fr\/wp-content\/uploads\/2021\/04\/AMADOU-LIVRE-IMP_Page_11-150x150.jpg 150w, https:\/\/coquelicoeur.fr\/wp-content\/uploads\/2021\/04\/AMADOU-LIVRE-IMP_Page_11-768x768.jpg 768w, https:\/\/coquelicoeur.fr\/wp-content\/uploads\/2021\/04\/AMADOU-LIVRE-IMP_Page_11-1536x1536.jpg 1536w, https:\/\/coquelicoeur.fr\/wp-content\/uploads\/2021\/04\/AMADOU-LIVRE-IMP_Page_11-2048x2048.jpg 2048w, https:\/\/coquelicoeur.fr\/wp-content\/uploads\/2021\/04\/AMADOU-LIVRE-IMP_Page_11-640x640.jpg 640w, https:\/\/coquelicoeur.fr\/wp-content\/uploads\/2021\/04\/AMADOU-LIVRE-IMP_Page_11-1200x1200.jpg 1200w\" sizes=\"auto, (max-width: 2560px) 100vw, 2560px\" \/><\/a><figcaption><em>Extrait<\/em><\/figcaption><\/figure>\n\n\n\n<figure class=\"wp-block-image size-full\"><a href=\"https:\/\/coquelicoeur.fr\/wp-content\/uploads\/2021\/04\/AMADOU-LIVRE-IMP_Page_15-scaled.jpg\"><img loading=\"lazy\" decoding=\"async\" width=\"2560\" height=\"2560\" src=\"https:\/\/coquelicoeur.fr\/wp-content\/uploads\/2021\/04\/AMADOU-LIVRE-IMP_Page_15-scaled.jpg\" alt=\"Eva Gar\u00e7on coquelicoeur illustratrice graphiste artiste c\u00e9ramiste beaumes de venise aubignan vaucluse art ateliers cours\" class=\"wp-image-258\" srcset=\"https:\/\/coquelicoeur.fr\/wp-content\/uploads\/2021\/04\/AMADOU-LIVRE-IMP_Page_15-scaled.jpg 2560w, https:\/\/coquelicoeur.fr\/wp-content\/uploads\/2021\/04\/AMADOU-LIVRE-IMP_Page_15-300x300.jpg 300w, https:\/\/coquelicoeur.fr\/wp-content\/uploads\/2021\/04\/AMADOU-LIVRE-IMP_Page_15-1024x1024.jpg 1024w, https:\/\/coquelicoeur.fr\/wp-content\/uploads\/2021\/04\/AMADOU-LIVRE-IMP_Page_15-150x150.jpg 150w, https:\/\/coquelicoeur.fr\/wp-content\/uploads\/2021\/04\/AMADOU-LIVRE-IMP_Page_15-768x768.jpg 768w, https:\/\/coquelicoeur.fr\/wp-content\/uploads\/2021\/04\/AMADOU-LIVRE-IMP_Page_15-1536x1536.jpg 1536w, https:\/\/coquelicoeur.fr\/wp-content\/uploads\/2021\/04\/AMADOU-LIVRE-IMP_Page_15-2048x2048.jpg 2048w, https:\/\/coquelicoeur.fr\/wp-content\/uploads\/2021\/04\/AMADOU-LIVRE-IMP_Page_15-640x640.jpg 640w, https:\/\/coquelicoeur.fr\/wp-content\/uploads\/2021\/04\/AMADOU-LIVRE-IMP_Page_15-1200x1200.jpg 1200w\" sizes=\"auto, (max-width: 2560px) 100vw, 2560px\" \/><\/a><figcaption><em>Extrait<\/em><\/figcaption><\/figure>\n\n\n\n<figure class=\"wp-block-image size-full\"><a href=\"https:\/\/coquelicoeur.fr\/wp-content\/uploads\/2021\/04\/AMADOU-LIVRE-IMP_Page_23-scaled.jpg\"><img loading=\"lazy\" decoding=\"async\" width=\"2560\" height=\"2560\" src=\"https:\/\/coquelicoeur.fr\/wp-content\/uploads\/2021\/04\/AMADOU-LIVRE-IMP_Page_23-scaled.jpg\" alt=\"Eva Gar\u00e7on coquelicoeur illustratrice graphiste artiste c\u00e9ramiste beaumes de venise aubignan vaucluse art ateliers cours\" class=\"wp-image-259\" srcset=\"https:\/\/coquelicoeur.fr\/wp-content\/uploads\/2021\/04\/AMADOU-LIVRE-IMP_Page_23-scaled.jpg 2560w, https:\/\/coquelicoeur.fr\/wp-content\/uploads\/2021\/04\/AMADOU-LIVRE-IMP_Page_23-300x300.jpg 300w, https:\/\/coquelicoeur.fr\/wp-content\/uploads\/2021\/04\/AMADOU-LIVRE-IMP_Page_23-1024x1024.jpg 1024w, https:\/\/coquelicoeur.fr\/wp-content\/uploads\/2021\/04\/AMADOU-LIVRE-IMP_Page_23-150x150.jpg 150w, https:\/\/coquelicoeur.fr\/wp-content\/uploads\/2021\/04\/AMADOU-LIVRE-IMP_Page_23-768x768.jpg 768w, https:\/\/coquelicoeur.fr\/wp-content\/uploads\/2021\/04\/AMADOU-LIVRE-IMP_Page_23-1536x1536.jpg 1536w, https:\/\/coquelicoeur.fr\/wp-content\/uploads\/2021\/04\/AMADOU-LIVRE-IMP_Page_23-2048x2048.jpg 2048w, https:\/\/coquelicoeur.fr\/wp-content\/uploads\/2021\/04\/AMADOU-LIVRE-IMP_Page_23-640x640.jpg 640w, https:\/\/coquelicoeur.fr\/wp-content\/uploads\/2021\/04\/AMADOU-LIVRE-IMP_Page_23-1200x1200.jpg 1200w\" sizes=\"auto, (max-width: 2560px) 100vw, 2560px\" \/><\/a><figcaption><em>Extrait<\/em><\/figcaption><\/figure>\n\n\n\n<div class=\"wp-block-buttons is-content-justification-center is-layout-flex wp-block-buttons-is-layout-flex\">\n<div class=\"wp-block-button is-style-outline is-style-outline--1\"><a class=\"wp-block-button__link\" href=\"https:\/\/coquelicoeur.fr\/index.php\/category\/illustration\/\">RETOUR<\/a><\/div>\n<\/div>\n","protected":false},"excerpt":{"rendered":"<p>Livre \u00e9crit et illustr\u00e9 par moi-m\u00eame dont voici quelques pages.Acrylique sur papier.<\/p>\n","protected":false},"author":1,"featured_media":251,"comment_status":"closed","ping_status":"","sticky":false,"template":"","format":"standard","meta":{"_jetpack_memberships_contains_paid_content":false,"footnotes":""},"categories":[9],"tags":[],"class_list":["post-250","post","type-post","status-publish","format-standard","has-post-thumbnail","hentry","category-illustration"],"jetpack_featured_media_url":"https:\/\/coquelicoeur.fr\/wp-content\/uploads\/2021\/04\/AMADOU-COUVERTURE-PREVISU.jpg","jetpack_sharing_enabled":true,"_links":{"self":[{"href":"https:\/\/coquelicoeur.fr\/index.php\/wp-json\/wp\/v2\/posts\/250","targetHints":{"allow":["GET"]}}],"collection":[{"href":"https:\/\/coquelicoeur.fr\/index.php\/wp-json\/wp\/v2\/posts"}],"about":[{"href":"https:\/\/coquelicoeur.fr\/index.php\/wp-json\/wp\/v2\/types\/post"}],"author":[{"embeddable":true,"href":"https:\/\/coquelicoeur.fr\/index.php\/wp-json\/wp\/v2\/users\/1"}],"replies":[{"embeddable":true,"href":"https:\/\/coquelicoeur.fr\/index.php\/wp-json\/wp\/v2\/comments?post=250"}],"version-history":[{"count":3,"href":"https:\/\/coquelicoeur.fr\/index.php\/wp-json\/wp\/v2\/posts\/250\/revisions"}],"predecessor-version":[{"id":592,"href":"https:\/\/coquelicoeur.fr\/index.php\/wp-json\/wp\/v2\/posts\/250\/revisions\/592"}],"wp:featuredmedia":[{"embeddable":true,"href":"https:\/\/coquelicoeur.fr\/index.php\/wp-json\/wp\/v2\/media\/251"}],"wp:attachment":[{"href":"https:\/\/coquelicoeur.fr\/index.php\/wp-json\/wp\/v2\/media?parent=250"}],"wp:term":[{"taxonomy":"category","embeddable":true,"href":"https:\/\/coquelicoeur.fr\/index.php\/wp-json\/wp\/v2\/categories?post=250"},{"taxonomy":"post_tag","embeddable":true,"href":"https:\/\/coquelicoeur.fr\/index.php\/wp-json\/wp\/v2\/tags?post=250"}],"curies":[{"name":"wp","href":"https:\/\/api.w.org\/{rel}","templated":true}]}}